{"id":102,"date":"2019-12-09T18:27:57","date_gmt":"2019-12-09T18:27:57","guid":{"rendered":"http:\/\/casilladelpinar.com\/?p=102"},"modified":"2019-12-09T19:27:02","modified_gmt":"2019-12-09T19:27:02","slug":"actividades-precios-y-ofertas-2019","status":"publish","type":"post","link":"https:\/\/casilladelpinar.com\/?p=102","title":{"rendered":"ACTIVIDADES, PRECIOS Y OFERTAS 2020"},"content":{"rendered":"\n<p>La casa de turismo rural \u00abla Casilla del Pinar\u00bb, no se alquila por habitaciones, sino que al adquirirla se disfruta por completo, incluyendo la barbacoa, y le\u00f1a necesaria. Una casa completa s\u00f3lo para vosotros.<\/p>\n\n\n\n<p>Consulta nuestro apartado <a rel=\"noreferrer noopener\" aria-label=\"Consulta nuestro apartado TARIFAS para conocer los precios y ofertas del a\u00f1o 2019. (abre en una nueva pesta\u00f1a)\" href=\"http:\/\/casilladelpinar.com\/?page_id=34\" target=\"_blank\">TARIFAS<\/a> para conocer los precios y ofertas del a\u00f1o 2020.<\/p>\n\n\n\n<p>Muchas son las actividades habituales en Daroca. <\/p>\n\n\n\n<p>El primer trimestre destacamos las tradicionales hogueras (San Valero, Santa Agueda, Santo Tom\u00e1s, &#8230;), y la migraci\u00f3n de las Grullas.<\/p>\n\n\n\n<div class=\"wp-block-image\"><figure class=\"aligncenter is-resized\"><img loading=\"lazy\" decoding=\"async\" src=\"http:\/\/casilladelpinar.com\/wp-content\/uploads\/2018\/12\/Grullas3.jpg\" alt=\"\" class=\"wp-image-103\" width=\"299\" height=\"166\" srcset=\"https:\/\/casilladelpinar.com\/wp-content\/uploads\/2018\/12\/Grullas3.jpg 617w, https:\/\/casilladelpinar.com\/wp-content\/uploads\/2018\/12\/Grullas3-300x167.jpg 300w\" sizes=\"auto, (max-width: 299px) 100vw, 299px\" \/><figcaption>Migraci\u00f3n de las grullas en Gallocanta<\/figcaption><\/figure><\/div>\n\n\n\n<p>En el segundo trimestre comienza con la multitudinaria Semana Santa, y termina con las fiestas del Corpus Cristi (este a\u00f1o el Jueves del Corpus es el d\u00eda 11 de junio)<\/p>\n\n\n\n<div class=\"wp-block-image\"><figure class=\"aligncenter\"><img loading=\"lazy\" decoding=\"async\" width=\"278\" height=\"182\" src=\"http:\/\/casilladelpinar.com\/wp-content\/uploads\/2018\/01\/hoguera.jpg\" alt=\"\" class=\"wp-image-98\"\/><figcaption>Hogueras tradicionales en invierno<\/figcaption><\/figure><\/div>\n\n\n\n<p>Hacia el verano las actividades y actos en Daroca se multiplican.&nbsp; <\/p>\n\n\n\n<p>Fiestas de San Crist\u00f3bal (1\u00aa quincena de julio), Mercado y Feria Medieval en Daroca (\u00faltimo fin de semana de julio), Mercado y Feria Medieval en Anento (en torno al 20 de Julio) Festival de M\u00fasica antigua (1\u00aa quincena de agosto), &#8230;<\/p>\n\n\n\n<div class=\"wp-block-image\"><figure class=\"aligncenter is-resized\"><img loading=\"lazy\" decoding=\"async\" src=\"http:\/\/casilladelpinar.com\/wp-content\/uploads\/2017\/12\/medieval.jpg\" alt=\"\" class=\"wp-image-66\" width=\"274\" height=\"206\" srcset=\"https:\/\/casilladelpinar.com\/wp-content\/uploads\/2017\/12\/medieval.jpg 365w, https:\/\/casilladelpinar.com\/wp-content\/uploads\/2017\/12\/medieval-300x225.jpg 300w\" sizes=\"auto, (max-width: 274px) 100vw, 274px\" \/><figcaption>Daroca se viste de gala todos los veranos con sus ferias medievales y festivales<\/figcaption><\/figure><\/div>\n\n\n\n<p>En Oto\u00f1o se celebran jornadas micol\u00f3gicas en Orcajo, y nuevamente regresan las grullas a Gallocanta (Noviembre).<\/p>\n\n\n\n<div class=\"wp-block-image\"><figure class=\"aligncenter is-resized\"><img loading=\"lazy\" decoding=\"async\" src=\"http:\/\/casilladelpinar.com\/wp-content\/uploads\/2018\/12\/setas-1024x768.jpg\" alt=\"\" class=\"wp-image-104\" width=\"297\" height=\"223\" srcset=\"https:\/\/casilladelpinar.com\/wp-content\/uploads\/2018\/12\/setas.jpg 1024w, https:\/\/casilladelpinar.com\/wp-content\/uploads\/2018\/12\/setas-300x225.jpg 300w, https:\/\/casilladelpinar.com\/wp-content\/uploads\/2018\/12\/setas-768x576.jpg 768w, https:\/\/casilladelpinar.com\/wp-content\/uploads\/2018\/12\/setas-624x468.jpg 624w\" sizes=\"auto, (max-width: 297px) 100vw, 297px\" \/><figcaption>En oto\u00f1o y primavera disfruta de un pinar particular para recoger setas<\/figcaption><\/figure><\/div>\n\n\n\n<p>Conoce como uno de los territorios m\u00e1s despoblados de Europa conserva una riqueza paisaj\u00edstica, natural y patrimonial impresionante.<\/p>\n\n\n\n<p>Son much\u00edsimas las actividades que se organizan desde la Comarca y desde el Ayuntamiento: senderismo, avistamiento de aves, concursos, talleres, cursos, conciertos, &#8230;<\/p>\n\n\n\n<p>Adem\u00e1s no olvides visitar lugares cercanos como alguno de los 35 pueblecitos de la Comarca como Anento (bonito de Espa\u00f1a), El Monasterio de Piedra, Calatayud, Teruel, Cari\u00f1ena, o Zaragoza. <br><\/p>\n\n\n\n<p> Para m\u00e1s informaci\u00f3n recomendamos consultar las p\u00e1ginas web de turismo tanto del <a rel=\"noreferrer noopener\" aria-label=\"Para m\u00e1s informaci\u00f3n recomendamos consultar las p\u00e1ginas web de turismo tanto del Ayuntamiento de Daroca, como de la Comarca Campo de Daroca\n (abre en una nueva pesta\u00f1a)\" href=\"https:\/\/www.daroca.es\/turismo\/oficina-de-turismo\/\" target=\"_blank\">Ayuntamiento de Daroca<\/a>, como de la <a rel=\"noreferrer noopener\" aria-label=\"Para m\u00e1s informaci\u00f3n recomendamos consultar las p\u00e1ginas web de turismo tanto del Ayuntamiento de Daroca, como de la Comarca Campo de Daroca\n (abre en una nueva pesta\u00f1a)\" href=\"http:\/\/turismo.comarcadedaroca.com\/\" target=\"_blank\">Comarca Campo de Daroca<\/a><br><\/p>\n\n\n\n<p>Adem\u00e1s este a\u00f1o 2020 ya podemos disfrutar de un tramo de v\u00eda verde entre Murero  y San Mart\u00edn del R\u00edo pasando por Daroca, con una longitud de 14 Km. V\u00eda verde segura y que discurre paralela al r\u00edo Jiloca con unos enclaves muy bonitos. En un futuro y cuando se complete toda la v\u00eda cerde, se podr\u00e1 ir desde Sagunto hasta Santander y ser\u00e1 la v\u00eda verde m\u00e1s larga de Espa\u00f1a.<\/p>\n\n\n\n<figure class=\"wp-block-image\"><img loading=\"lazy\" decoding=\"async\" width=\"1024\" height=\"768\" src=\"http:\/\/casilladelpinar.com\/wp-content\/uploads\/2019\/12\/tunel-1024x768.jpg\" alt=\"\" class=\"wp-image-120\" srcset=\"https:\/\/casilladelpinar.com\/wp-content\/uploads\/2019\/12\/tunel-1024x768.jpg 1024w, https:\/\/casilladelpinar.com\/wp-content\/uploads\/2019\/12\/tunel-300x225.jpg 300w, https:\/\/casilladelpinar.com\/wp-content\/uploads\/2019\/12\/tunel-768x576.jpg 768w, https:\/\/casilladelpinar.com\/wp-content\/uploads\/2019\/12\/tunel-624x468.jpg 624w, https:\/\/casilladelpinar.com\/wp-content\/uploads\/2019\/12\/tunel.jpg 1599w\" sizes=\"auto, (max-width: 1024px) 100vw, 1024px\" \/><\/figure>\n\n\n\n<p><br><\/p>\n\n\n\n<p><br><\/p>\n\n\n","protected":false},"excerpt":{"rendered":"<p>La casa de turismo rural \u00abla Casilla del Pinar\u00bb, no se alquila por habitaciones, sino que al adquirirla se disfruta por completo, incluyendo la barbacoa, y le\u00f1a necesaria. Una casa completa s\u00f3lo para vosotros. Consulta nuestro apartado TARIFAS para conocer los precios y ofertas del a\u00f1o 2020. Muchas son las actividades habituales en Daroca. El primer trimestre destacamos las tradicionales&#8230; <a href=\"https:\/\/casilladelpinar.com\/?p=102\">Leer m\u00e1s &raquo;<\/a><\/p>\n","protected":false},"author":1,"featured_media":120,"comment_status":"open","ping_status":"open","sticky":true,"template":"","format":"standard","meta":{"ngg_post_thumbnail":0,"footnotes":""},"categories":[1],"tags":[],"class_list":["post-102","post","type-post","status-publish","format-standard","has-post-thumbnail","hentry","category-uncategorized"],"_links":{"self":[{"href":"https:\/\/casilladelpinar.com\/index.php?rest_route=\/wp\/v2\/posts\/102","targetHints":{"allow":["GET"]}}],"collection":[{"href":"https:\/\/casilladelpinar.com\/index.php?rest_route=\/wp\/v2\/posts"}],"about":[{"href":"https:\/\/casilladelpinar.com\/index.php?rest_route=\/wp\/v2\/types\/post"}],"author":[{"embeddable":true,"href":"https:\/\/casilladelpinar.com\/index.php?rest_route=\/wp\/v2\/users\/1"}],"replies":[{"embeddable":true,"href":"https:\/\/casilladelpinar.com\/index.php?rest_route=%2Fwp%2Fv2%2Fcomments&post=102"}],"version-history":[{"count":7,"href":"https:\/\/casilladelpinar.com\/index.php?rest_route=\/wp\/v2\/posts\/102\/revisions"}],"predecessor-version":[{"id":124,"href":"https:\/\/casilladelpinar.com\/index.php?rest_route=\/wp\/v2\/posts\/102\/revisions\/124"}],"wp:featuredmedia":[{"embeddable":true,"href":"https:\/\/casilladelpinar.com\/index.php?rest_route=\/wp\/v2\/media\/120"}],"wp:attachment":[{"href":"https:\/\/casilladelpinar.com\/index.php?rest_route=%2Fwp%2Fv2%2Fmedia&parent=102"}],"wp:term":[{"taxonomy":"category","embeddable":true,"href":"https:\/\/casilladelpinar.com\/index.php?rest_route=%2Fwp%2Fv2%2Fcategories&post=102"},{"taxonomy":"post_tag","embeddable":true,"href":"https:\/\/casilladelpinar.com\/index.php?rest_route=%2Fwp%2Fv2%2Ftags&post=102"}],"curies":[{"name":"wp","href":"https:\/\/api.w.org\/{rel}","templated":true}]}}